{"id":274,"date":"2026-03-14T18:06:55","date_gmt":"2026-03-14T18:06:55","guid":{"rendered":"https:\/\/dunavskoogledalo.com\/?p=274"},"modified":"2026-03-14T18:06:58","modified_gmt":"2026-03-14T18:06:58","slug":"isidora-u-dunavskom-ogledalu","status":"publish","type":"post","link":"https:\/\/dunavskoogledalo.com\/?p=274","title":{"rendered":"Isidora u Dunavskom ogledalu"},"content":{"rendered":"\n<figure class=\"wp-block-image size-large\"><img loading=\"lazy\" decoding=\"async\" width=\"1024\" height=\"1024\" src=\"https:\/\/dunavskoogledalo.com\/wp-content\/uploads\/2026\/03\/Vodeno-ogledalo_2048x2048-copy-1024x1024.jpg\" alt=\"\" class=\"wp-image-275\" srcset=\"https:\/\/dunavskoogledalo.com\/wp-content\/uploads\/2026\/03\/Vodeno-ogledalo_2048x2048-copy-1024x1024.jpg 1024w, https:\/\/dunavskoogledalo.com\/wp-content\/uploads\/2026\/03\/Vodeno-ogledalo_2048x2048-copy-300x300.jpg 300w, https:\/\/dunavskoogledalo.com\/wp-content\/uploads\/2026\/03\/Vodeno-ogledalo_2048x2048-copy-150x150.jpg 150w, https:\/\/dunavskoogledalo.com\/wp-content\/uploads\/2026\/03\/Vodeno-ogledalo_2048x2048-copy-768x768.jpg 768w, https:\/\/dunavskoogledalo.com\/wp-content\/uploads\/2026\/03\/Vodeno-ogledalo_2048x2048-copy-1536x1536.jpg 1536w, https:\/\/dunavskoogledalo.com\/wp-content\/uploads\/2026\/03\/Vodeno-ogledalo_2048x2048-copy.jpg 2048w\" sizes=\"auto, (max-width: 1024px) 100vw, 1024px\" \/><\/figure>\n\n\n\n<p>Postoje mesta uz Dunav gde se \u010dini da je vreme sporije nego drugde. U starim ulicama Zemuna ti\u0161ina ima posebnu te\u017einu.<\/p>\n\n\n\n<p>U takvim mestima lako je zamisliti \u0161eta\u010da koji zastane i dugo posmatra reku.<\/p>\n\n\n\n<p>Takva je bila i Isidora Sekuli\u0107. Njene re\u010denice bile su tihe, promi\u0161ljene, kao razgovor sa svetom.<\/p>\n\n\n\n<p>Na ovim obalama zastala bi svakodnevno dok je boravila u Zemunu (1902-1909) i posmatrala Dunav dok se u vodi ogledaju gradovi, oblaci i misli.<\/p>\n\n\n\n<p>Jer ponekad je dovoljno samo gledati reku da bi \u010dovek razumeo svet malo bolje nego ranije.<\/p>\n\n\n\n<p><\/p>\n\n\n\n<p>Isidora Sekuli\u0107 ostavila je za sobom knjige koje ne govore glasno, ali ostaju dugo u mislima \u010ditalaca. Njene re\u010denice imaju mir i dubinu tihog posmatranja sveta. U njima je \u017eivot \u010desto vi\u0111en iz ugla \u0161eta\u010da koji zastane, pogleda oko sebe i poku\u0161a da razume ono \u0161to je drugima promaklo.<\/p>\n\n\n\n<p>Mo\u017eda zato njena knji\u017eevnost i danas podse\u0107a na Dunav u mirnom jutru \u2014 tiha, \u0161iroka i puna misli koje se polako otkrivaju.<\/p>\n\n\n\n<p><em>Dunav pamti pri\u010de.<\/em><br><em>Knjige ih vra\u0107aju.<\/em><\/p>\n\n\n\n<p>Miroslav Lj. Rankovi\u0107<\/p>\n\n\n\n<p>Autor projekta Dunavsko ogledalo<\/p>\n\n\n<div class=\"wp-block-image\">\n<figure class=\"alignright size-full is-resized\"><img loading=\"lazy\" decoding=\"async\" width=\"1024\" height=\"1024\" src=\"https:\/\/dunavskoogledalo.com\/wp-content\/uploads\/2026\/03\/Pecat-O-1.png\" alt=\"\" class=\"wp-image-237\" style=\"width:150px\" srcset=\"https:\/\/dunavskoogledalo.com\/wp-content\/uploads\/2026\/03\/Pecat-O-1.png 1024w, https:\/\/dunavskoogledalo.com\/wp-content\/uploads\/2026\/03\/Pecat-O-1-300x300.png 300w, https:\/\/dunavskoogledalo.com\/wp-content\/uploads\/2026\/03\/Pecat-O-1-150x150.png 150w, https:\/\/dunavskoogledalo.com\/wp-content\/uploads\/2026\/03\/Pecat-O-1-768x768.png 768w\" sizes=\"auto, (max-width: 1024px) 100vw, 1024px\" \/><\/figure>\n<\/div>","protected":false},"excerpt":{"rendered":"<p>Postoje mesta uz Dunav gde se \u010dini da je vreme sporije nego drugde. U starim ulicama Zemuna ti\u0161ina ima posebnu te\u017einu. U takvim mestima lako je zamisliti \u0161eta\u010da koji zastane i dugo posmatra reku. Takva je bila i Isidora Sekuli\u0107. Njene re\u010denice bile su tihe, promi\u0161ljene, kao razgovor sa svetom. Na ovim obalama zastala bi&#8230;<\/p>\n","protected":false},"author":1,"featured_media":275,"comment_status":"open","ping_status":"open","sticky":false,"template":"","format":"standard","meta":{"_kad_post_transparent":"","_kad_post_title":"","_kad_post_layout":"","_kad_post_sidebar_id":"","_kad_post_content_style":"","_kad_post_vertical_padding":"","_kad_post_feature":"","_kad_post_feature_position":"","_kad_post_header":false,"_kad_post_footer":false,"_kad_post_classname":"","footnotes":""},"categories":[3],"tags":[14,12,18,15,11,13],"class_list":["post-274","post","type-post","status-publish","format-standard","has-post-thumbnail","hentry","category-price","tag-beograd","tag-dunavskoogledalo","tag-isidora-sekulic","tag-ljubav","tag-miroslav-lj-rankovic","tag-zemun"],"_links":{"self":[{"href":"https:\/\/dunavskoogledalo.com\/index.php?rest_route=\/wp\/v2\/posts\/274","targetHints":{"allow":["GET"]}}],"collection":[{"href":"https:\/\/dunavskoogledalo.com\/index.php?rest_route=\/wp\/v2\/posts"}],"about":[{"href":"https:\/\/dunavskoogledalo.com\/index.php?rest_route=\/wp\/v2\/types\/post"}],"author":[{"embeddable":true,"href":"https:\/\/dunavskoogledalo.com\/index.php?rest_route=\/wp\/v2\/users\/1"}],"replies":[{"embeddable":true,"href":"https:\/\/dunavskoogledalo.com\/index.php?rest_route=%2Fwp%2Fv2%2Fcomments&post=274"}],"version-history":[{"count":1,"href":"https:\/\/dunavskoogledalo.com\/index.php?rest_route=\/wp\/v2\/posts\/274\/revisions"}],"predecessor-version":[{"id":276,"href":"https:\/\/dunavskoogledalo.com\/index.php?rest_route=\/wp\/v2\/posts\/274\/revisions\/276"}],"wp:featuredmedia":[{"embeddable":true,"href":"https:\/\/dunavskoogledalo.com\/index.php?rest_route=\/wp\/v2\/media\/275"}],"wp:attachment":[{"href":"https:\/\/dunavskoogledalo.com\/index.php?rest_route=%2Fwp%2Fv2%2Fmedia&parent=274"}],"wp:term":[{"taxonomy":"category","embeddable":true,"href":"https:\/\/dunavskoogledalo.com\/index.php?rest_route=%2Fwp%2Fv2%2Fcategories&post=274"},{"taxonomy":"post_tag","embeddable":true,"href":"https:\/\/dunavskoogledalo.com\/index.php?rest_route=%2Fwp%2Fv2%2Ftags&post=274"}],"curies":[{"name":"wp","href":"https:\/\/api.w.org\/{rel}","templated":true}]}}