{"id":197,"date":"2026-03-13T06:31:11","date_gmt":"2026-03-13T06:31:11","guid":{"rendered":"https:\/\/dunavskoogledalo.com\/?p=197"},"modified":"2026-03-13T06:31:13","modified_gmt":"2026-03-13T06:31:13","slug":"prica-o-decaku-i-oblaku","status":"publish","type":"post","link":"https:\/\/dunavskoogledalo.com\/?p=197","title":{"rendered":"Pri\u010da o de\u010daku i oblaku"},"content":{"rendered":"\n<figure class=\"wp-block-image size-full\"><img loading=\"lazy\" decoding=\"async\" width=\"1024\" height=\"514\" src=\"https:\/\/dunavskoogledalo.com\/wp-content\/uploads\/2026\/03\/910.jpg\" alt=\"\" class=\"wp-image-213\" srcset=\"https:\/\/dunavskoogledalo.com\/wp-content\/uploads\/2026\/03\/910.jpg 1024w, https:\/\/dunavskoogledalo.com\/wp-content\/uploads\/2026\/03\/910-300x151.jpg 300w, https:\/\/dunavskoogledalo.com\/wp-content\/uploads\/2026\/03\/910-768x386.jpg 768w\" sizes=\"auto, (max-width: 1024px) 100vw, 1024px\" \/><\/figure>\n\n\n\n<p>Jesen oko Miholjdana najlep\u0161e je doba u Zemunu.<\/p>\n\n\n\n<p>Priroda tada uveliko menja boje spremaju\u0107i se za duboku zimu. Zeleno polako postaje \u017euto i braon. Kada je obasjano suncem, sve izgleda nekako toplo i blago.<\/p>\n\n\n\n<p>Mirisi su druga\u010diji nego leti. Vo\u0107e je sla\u0111e, a svaki slede\u0107i dan sve kra\u0107i.<\/p>\n\n\n\n<p>Trotoari se na nekoliko nedelja pretvaraju u \u010darobne tepihe od li\u0161\u0107a, a travnjaci u parkovima u mala nalazi\u0161ta kestena i \u0161i\u0161arki.<\/p>\n\n\n\n<p>To je i vreme izleta, naro\u010dito \u0161kolskih. Tada sama priroda postaje u\u010dionica. \u0160kole to koriste jo\u0161 od davnina kako bi u\u010denici oja\u010dali vezu sa prirodom i nau\u010dili da po\u0161tuju njene zakonitosti.<\/p>\n\n\n\n<p>Ba\u0161 oko Miholjdana i vazduh u Zemunu postaje nekako prozirniji. Pogled puca dalje i jasnije pa je sa nekog vidikovca mogu\u0107e upoznati grad na sasvim druga\u010diji na\u010din.<\/p>\n\n\n\n<p>\u010caroliju ulep\u0161avaju oblaci kojih nad Beogradom uvek ima. No\u0161eni vazdu\u0161nim strujama lagano plove nebom.<\/p>\n\n\n\n<p>Neki u njima vide likove iz crtanih filmova.<br>Drugi \u2014 omiljene \u0161nenokle sa mirisom vanile.<\/p>\n\n\n\n<hr class=\"wp-block-separator has-alpha-channel-opacity\"\/>\n\n\n\n<p>Na\u0161a pri\u010da po\u010dinje jednog sasvim obi\u010dnog jutra.<\/p>\n\n\n\n<p>Sunce je tek obasjalo grad, a prve ptice cvrkutom pozdravile prve zrake.<\/p>\n\n\n\n<p>\u201eBudi se! Ustaj! Zakasni\u0107e\u0161! Ba\u0161 si lenjivac. Umesto da se raduje\u0161 izletu, ti spava\u0161!\u201c \u2013 rekla je u\u017eurbana majka.<\/p>\n\n\n\n<p>De\u010dak se protegao kao i njegov ma\u010dak.<\/p>\n\n\n\n<p>Laganim koracima oti\u0161ao je do kupatila, jo\u0161 uvek pomalo \u017emure\u0107i.<\/p>\n\n\n\n<p>Vratio se osve\u017een vodom, miri\u0161u\u0107i na kaladont i sapun sa mirisom orhideje.<\/p>\n\n\n\n<p>Brzo se obukao, otvorio ranac i u njega pa\u017eljivo stavio dvogled, svesku, olovku i jo\u0161 nekoliko sitnica iz fioke.<\/p>\n\n\n\n<p>Zatvorio je ranac i iza\u0161ao iz sobe.<\/p>\n\n\n\n<p>\u201eMo\u017ee\u0161 li sam do \u0161kole? Nemoj da tr\u010di\u0161 i pazi kako prelazi\u0161 ulicu. Obuj duboke patike i ponesi sendvi\u010d. Posle izleta pravo ku\u0107i!\u201c \u2013 ponovo je rekla majka.<\/p>\n\n\n\n<p>De\u010dak je veselo iza\u0161ao iz stana i skakutaju\u0107i krenuo ka \u0161koli.<\/p>\n\n\n\n<p>Usput je zastao kraj jednog drveta.<\/p>\n\n\n\n<p>Razmakao je li\u0161\u0107e i prona\u0161ao nekoliko kestena. Staviv\u0161i ih u d\u017eep, nasme\u0161io se kao da je prona\u0161ao pravo malo blago.<\/p>\n\n\n\n<hr class=\"wp-block-separator has-alpha-channel-opacity\"\/>\n\n\n\n<p>\u201eHej! Sa\u010dekaj me!\u201c \u2013 doviknuo je drugi de\u010dak tr\u010de\u0107i za njim.<\/p>\n\n\n\n<p>\u201eJedva sam te stigao. Za\u0161to toliko \u017euri\u0161? Bolje da smo igrali fudbal nego \u0161to idemo na tu Avalu.\u201c<\/p>\n\n\n\n<p>\u201eNije bolje. Avala je na\u0161a planina! A toranj je ba\u0161 visok. Zamisli koliko \u0107emo daleko videti!\u201c<\/p>\n\n\n\n<p>\u201ePa \u0161ta? U Americi su sve zgrade tako visoke.\u201c<\/p>\n\n\n\n<p>\u201eAli ovo je na\u0161 toranj!\u201c<\/p>\n\n\n\n<hr class=\"wp-block-separator has-alpha-channel-opacity\"\/>\n\n\n\n<p>U\u010ditelj ih je ve\u0107 \u010dekao ispred \u0161kole.<\/p>\n\n\n\n<p>Deca su se spontano okupljala oko njega, veselo cvrku\u0107u\u0107i poput vrabaca.<\/p>\n\n\n\n<p>\u201eDa proverimo da li smo svi tu\u2026 dobro, svi smo tu. Sada slu\u0161ajte: Avala je na\u0161a planina visoka 511 metara. Na njenom vrhu nalazi se Avalski toranj, visok preko 200 metara. Sa njega se vidi veliki deo \u0160umadije, pa \u010dak i u\u0161\u0107e Save u Dunav.\u201c<\/p>\n\n\n\n<p>Deca su slu\u0161ala \u0161irom otvorenih o\u010diju.<\/p>\n\n\n\n<hr class=\"wp-block-separator has-alpha-channel-opacity\"\/>\n\n\n\n<p>Autobus je uskoro krenuo.<\/p>\n\n\n\n<p>Grad je prolazio pored prozora poput dugog filma.<\/p>\n\n\n\n<p>Kada su stigli do tornja, deca su iza\u0161la i stala u red.<\/p>\n\n\n\n<p>Pogledi su im bili uprti u vrh tornja, skoro sakriven u oblacima.<\/p>\n\n\n\n<p>Lift ih je u grupama vozio na vidikovac.<\/p>\n\n\n\n<p>Na\u0161 mali junak stigao je u drugoj grupi.<\/p>\n\n\n\n<p>Video je gu\u017evu kraj prozora i potra\u017eio neko mirnije mesto.<\/p>\n\n\n\n<p>U uglu je primetio poluotvorena vrata.<\/p>\n\n\n\n<p>Provirio je.<\/p>\n\n\n\n<p>Unutra nije bilo nikoga.<\/p>\n\n\n\n<p>U\u0161ao je tiho.<\/p>\n\n\n\n<p>Stepenice su vodile na terasu.<\/p>\n\n\n\n<p>Kada je iza\u0161ao, video je ne\u0161to neobi\u010dno.<\/p>\n\n\n\n<p>Veliki beli oblak bio je naslonjen na terasu tornja.<\/p>\n\n\n\n<p>De\u010dak ga je oprezno dodirnuo.<\/p>\n\n\n\n<p>Bio je mek \u2014 kao pena.<\/p>\n\n\n\n<p>Lagano ga je gurnuo.<\/p>\n\n\n\n<p>Oblak se malo pomerio.<\/p>\n\n\n\n<p>Tada se iz njega za\u010duo dubok glas.<\/p>\n\n\n\n<p>\u201eKo to gura moj oblak?\u201c<\/p>\n\n\n\n<p>Iz oblaka je provirio bledi \u010dovek sa dugom belom bradom i kapetanskom kapom.<\/p>\n\n\n\n<p>\u201eNe boj se\u201c, rekao je uz osmeh.<br>\u201eJa sam kapetan ovog oblaka.\u201c<\/p>\n\n\n\n<figure class=\"wp-block-image size-full\"><img loading=\"lazy\" decoding=\"async\" width=\"1022\" height=\"490\" src=\"https:\/\/dunavskoogledalo.com\/wp-content\/uploads\/2026\/03\/911.jpg\" alt=\"\" class=\"wp-image-214\" srcset=\"https:\/\/dunavskoogledalo.com\/wp-content\/uploads\/2026\/03\/911.jpg 1022w, https:\/\/dunavskoogledalo.com\/wp-content\/uploads\/2026\/03\/911-300x144.jpg 300w, https:\/\/dunavskoogledalo.com\/wp-content\/uploads\/2026\/03\/911-768x368.jpg 768w\" sizes=\"auto, (max-width: 1022px) 100vw, 1022px\" \/><\/figure>\n\n\n\n<p>De\u010dak je stajao kao ukopan.<\/p>\n\n\n\n<p>\u201eHo\u0107e\u0161 li na jednu kratku plovidbu?\u201c upitao je kapetan.<\/p>\n\n\n\n<p>De\u010dak je oprezno prihvatio njegovu ruku i zakora\u010dio na oblak.<\/p>\n\n\n\n<p>Bio je mekan poput du\u0161eka.<\/p>\n\n\n\n<p>Unutra je izgledao kao \u010dudesni brod.<\/p>\n\n\n\n<p>Beli hodnici.<br>Rezervoari vodene pare.<br>Tiho \u0161u\u0161tanje vetra.<\/p>\n\n\n\n<p>\u201eMi smo oblakomani\u201c, objasnio je kapetan.<br>\u201eSkupljamo vodenu paru sa mora i donosimo ki\u0161u gde je potrebna.\u201c<\/p>\n\n\n\n<p>U\u0161li su u komandnu kabinu.<\/p>\n\n\n\n<figure class=\"wp-block-image size-full\"><img loading=\"lazy\" decoding=\"async\" width=\"1024\" height=\"539\" src=\"https:\/\/dunavskoogledalo.com\/wp-content\/uploads\/2026\/03\/909.jpg\" alt=\"\" class=\"wp-image-198\" srcset=\"https:\/\/dunavskoogledalo.com\/wp-content\/uploads\/2026\/03\/909.jpg 1024w, https:\/\/dunavskoogledalo.com\/wp-content\/uploads\/2026\/03\/909-300x158.jpg 300w, https:\/\/dunavskoogledalo.com\/wp-content\/uploads\/2026\/03\/909-768x404.jpg 768w\" sizes=\"auto, (max-width: 1024px) 100vw, 1024px\" \/><\/figure>\n\n\n\n<p>Oblak je tiho zaplovio nebom.<\/p>\n\n\n\n<p>Ispod njih se prostirao \u010ditav Beograd.<\/p>\n\n\n\n<p>Videlo se u\u0161\u0107e gde se zelena Sava uliva u plavi Dunav.<\/p>\n\n\n\n<p>Brodi\u0107i su izgledali kao male igra\u010dke.<\/p>\n\n\n\n<p>Parkovi su bili poput zelenih ostrva.<\/p>\n\n\n\n<p>Dimnjaci su pu\u0161ili kao dedina stara lula.<\/p>\n\n\n\n<hr class=\"wp-block-separator has-alpha-channel-opacity\"\/>\n\n\n\n<p>\u201ePrvo \u0107emo svratiti iznad Savskog jezera\u201c, rekao je kapetan.<\/p>\n\n\n\n<p>\u201eTreba malo da dopunimo rezervoare.\u201c<\/p>\n\n\n\n<p>Oblak se spustio gotovo do vode.<\/p>\n\n\n\n<p>Galebovi su klizili vazdu\u0161nim strujama.<\/p>\n\n\n\n<p>Labudovi su mirno plovili.<\/p>\n\n\n\n<p>Sve je izgledalo kao velika slika.<\/p>\n\n\n\n<p>Zatim je kapetan dao novu komandu.<\/p>\n\n\n\n<p>\u201eSada idemo ka Zemunu. Ve\u010deras je izlo\u017eba kod Kule. Moramo malo da operemo plato.\u201c<\/p>\n\n\n\n<p>Male kapljice po\u010dele su tiho da padaju.<\/p>\n\n\n\n<p>Mirisale su na more.<\/p>\n\n\n\n<hr class=\"wp-block-separator has-alpha-channel-opacity\"\/>\n\n\n\n<p>De\u010dak je iza\u0161ao na vrh oblaka.<\/p>\n\n\n\n<p>Nebo iznad bilo je potpuno plavo.<\/p>\n\n\n\n<p>Tr\u010dao je po oblaku, tonuo do \u010dlanaka i smejao se.<\/p>\n\n\n\n<p>Napravio je nekoliko kolutova.<\/p>\n\n\n\n<p>Ra\u0161irio ruke.<\/p>\n\n\n\n<p>I sko\u010dio u mekani oblak.<\/p>\n\n\n\n<hr class=\"wp-block-separator has-alpha-channel-opacity\"\/>\n\n\n\n<p>\u201eBudi se! Ustaj! Zakasni\u0107e\u0161!\u201c<\/p>\n\n\n\n<p>Maj\u010din glas odjeknuo je sobom.<\/p>\n\n\n\n<p>De\u010dak je otvorio o\u010di.<\/p>\n\n\n\n<p>Sedeo je na ivici kreveta.<\/p>\n\n\n\n<p>Ma\u010dak se protezao pored njega.<\/p>\n\n\n\n<p>Sve je izgledalo kao san.<\/p>\n\n\n\n<p>Ali kada je pogledao kroz prozor \u2014<\/p>\n\n\n\n<p>jedan mali beli oblak lagano je prolazio iznad Zemuna.<\/p>\n\n\n\n<p>Kao da mu je namignuo.<\/p>\n\n\n\n<p>Miroslav Lj. Rankovi\u0107<\/p>\n\n\n\n<p>Autor projekta Dunavsko ogledalo<\/p>\n\n\n<div class=\"wp-block-image\">\n<figure class=\"alignright size-full is-resized\"><img loading=\"lazy\" decoding=\"async\" width=\"1024\" height=\"1024\" src=\"https:\/\/dunavskoogledalo.com\/wp-content\/uploads\/2026\/03\/Pecat-O-1.png\" alt=\"\" class=\"wp-image-237\" style=\"width:150px\" srcset=\"https:\/\/dunavskoogledalo.com\/wp-content\/uploads\/2026\/03\/Pecat-O-1.png 1024w, https:\/\/dunavskoogledalo.com\/wp-content\/uploads\/2026\/03\/Pecat-O-1-300x300.png 300w, https:\/\/dunavskoogledalo.com\/wp-content\/uploads\/2026\/03\/Pecat-O-1-150x150.png 150w, https:\/\/dunavskoogledalo.com\/wp-content\/uploads\/2026\/03\/Pecat-O-1-768x768.png 768w\" sizes=\"auto, (max-width: 1024px) 100vw, 1024px\" \/><\/figure>\n<\/div>","protected":false},"excerpt":{"rendered":"<p>Jesen oko Miholjdana najlep\u0161e je doba u Zemunu. Priroda tada uveliko menja boje spremaju\u0107i se za duboku zimu. Zeleno polako postaje \u017euto i braon. Kada je obasjano suncem, sve izgleda nekako toplo i blago. Mirisi su druga\u010diji nego leti. Vo\u0107e je sla\u0111e, a svaki slede\u0107i dan sve kra\u0107i. Trotoari se na nekoliko nedelja pretvaraju u&#8230;<\/p>\n","protected":false},"author":1,"featured_media":198,"comment_status":"open","ping_status":"open","sticky":false,"template":"","format":"standard","meta":{"_kad_post_transparent":"","_kad_post_title":"","_kad_post_layout":"","_kad_post_sidebar_id":"","_kad_post_content_style":"","_kad_post_vertical_padding":"","_kad_post_feature":"","_kad_post_feature_position":"","_kad_post_header":false,"_kad_post_footer":false,"_kad_post_classname":"","footnotes":""},"categories":[6],"tags":[14,12,15,11,13],"class_list":["post-197","post","type-post","status-publish","format-standard","has-post-thumbnail","hentry","category-price-za-decu","tag-beograd","tag-dunavskoogledalo","tag-ljubav","tag-miroslav-lj-rankovic","tag-zemun"],"_links":{"self":[{"href":"https:\/\/dunavskoogledalo.com\/index.php?rest_route=\/wp\/v2\/posts\/197","targetHints":{"allow":["GET"]}}],"collection":[{"href":"https:\/\/dunavskoogledalo.com\/index.php?rest_route=\/wp\/v2\/posts"}],"about":[{"href":"https:\/\/dunavskoogledalo.com\/index.php?rest_route=\/wp\/v2\/types\/post"}],"author":[{"embeddable":true,"href":"https:\/\/dunavskoogledalo.com\/index.php?rest_route=\/wp\/v2\/users\/1"}],"replies":[{"embeddable":true,"href":"https:\/\/dunavskoogledalo.com\/index.php?rest_route=%2Fwp%2Fv2%2Fcomments&post=197"}],"version-history":[{"count":4,"href":"https:\/\/dunavskoogledalo.com\/index.php?rest_route=\/wp\/v2\/posts\/197\/revisions"}],"predecessor-version":[{"id":250,"href":"https:\/\/dunavskoogledalo.com\/index.php?rest_route=\/wp\/v2\/posts\/197\/revisions\/250"}],"wp:featuredmedia":[{"embeddable":true,"href":"https:\/\/dunavskoogledalo.com\/index.php?rest_route=\/wp\/v2\/media\/198"}],"wp:attachment":[{"href":"https:\/\/dunavskoogledalo.com\/index.php?rest_route=%2Fwp%2Fv2%2Fmedia&parent=197"}],"wp:term":[{"taxonomy":"category","embeddable":true,"href":"https:\/\/dunavskoogledalo.com\/index.php?rest_route=%2Fwp%2Fv2%2Fcategories&post=197"},{"taxonomy":"post_tag","embeddable":true,"href":"https:\/\/dunavskoogledalo.com\/index.php?rest_route=%2Fwp%2Fv2%2Ftags&post=197"}],"curies":[{"name":"wp","href":"https:\/\/api.w.org\/{rel}","templated":true}]}}